{"id":198,"date":"2017-07-15T03:33:58","date_gmt":"2017-07-15T01:33:58","guid":{"rendered":"http:\/\/www.air-radio.it\/?p=198"},"modified":"2017-07-15T11:27:38","modified_gmt":"2017-07-15T09:27:38","slug":"35-anniversario-air","status":"publish","type":"post","link":"https:\/\/www.air-radio.it\/index.php\/2017\/07\/15\/35-anniversario-air\/","title":{"rendered":"35\u00b0 Anniversario AIR"},"content":{"rendered":"<p><img decoding=\"async\" loading=\"lazy\" class=\"wp-image-202 aligncenter\" src=\"http:\/\/www.air-radio.it\/wp-content\/uploads\/2017\/07\/1-300x67.jpg\" alt=\"\" width=\"506\" height=\"113\" srcset=\"https:\/\/www.air-radio.it\/wp-content\/uploads\/2017\/07\/1-300x67.jpg 300w, https:\/\/www.air-radio.it\/wp-content\/uploads\/2017\/07\/1.jpg 414w\" sizes=\"(max-width: 506px) 100vw, 506px\" \/><\/p>\n<p><strong><em>a cura di Bruno PECOLATTO <\/em><\/strong><\/p>\n<p>Siamo arrivati al <strong>35\u00b0 anniversario<\/strong> dalla fondazione dell\u2019A.I.R. \u2013 Associazione Italiana Radioascolto, un traguardo davvero importante per una cos\u00ec piccola associazione fondata nel lontano 1982 a Firenze da un gruppo di radio appassionati.<\/p>\n<p>Questo breve articolo desidera esporre quello che \u00e8 stato fatto nel corso di questi trentacinque anni con foto, testi, notizie e curiosit\u00e0. Un piccolo omaggio a chi ha contribuito, con non pochi sacrifici e tanta disponibilit\u00e0, a diffondere il nostro splendido hobby: il radioascolto e la passione per la radio!!<\/p>\n<h4>ASSEMBLEE AIR<\/h4>\n<p>In tutti questi anni si sono volte fin dall\u2019inizio le assemblee associative in molte localit\u00e0 italiane, ecco l\u2019elenco completo con alcune foto e, tra parentesi, il nome di tutti i Presidenti AIR in carica.<\/p>\n<ul>\n<li>1983 Faenza (RA) (Manfredi Vinassa de Regny)<\/li>\n<li>1984 Firenze (Alessandro Groppazzi)<\/li>\n<li>1985 Roma (Alessandro Groppazzi)<\/li>\n<li>1986 Rimini (Manfredi Vinassa de Regny)<\/li>\n<li>1987 Pontecchio Marconi (BO) (Manfredi Vinassa de Regny)<\/li>\n<li>1988 Ancona (Manfredi Vinassa de Regny)<\/li>\n<li>1989 Brallo di Pregola (PV) (Alberto Gandolfo)<\/li>\n<li>1990 Grado (TS) (Alberto Gandolfo)<\/li>\n<li>1991 Collalbo (BZ) (Alberto Gandolfo)<\/li>\n<li>1992 Brallo di Pregola (PV) (Alberto Gandolfo)<\/li>\n<li>1993 Sparone (TO) (Alberto Gandolfo)<\/li>\n<li>1994 Trieste (Alberto Gandolfo)<\/li>\n<li>1995 Sestri Levante (GE) (Alberto Gandolfo)<\/li>\n<li>1996 Firenze (Alberto Gandolfo)<\/li>\n<li>1997 Colloredo di Monte Albano (UD) (Alberto Gandolfo)<\/li>\n<li>1998 Sirolo (AN) (Valerio Guido Cavallo)<\/li>\n<li>1999 Monterotondo (RM) (Valerio Guido Cavallo)<\/li>\n<li>2000 Sanremo (IM) (Angelo Brunero)<\/li>\n<li>2001 Villa Bartolomea (VR) (Angelo Brunero)<\/li>\n<li>2002 Bologna (Angelo Brunero)<\/li>\n<li>2003 Montesilvano (PE) (Giuseppe Gianotti)<\/li>\n<li>2004 Verona (Valerio Guido Cavallo-vice Presidente)<\/li>\n<li>2005 Moncalvo (AT) (Valerio Guido Cavallo)<\/li>\n<li>2006 Sacile (PN) (Valerio Guido Cavallo)<\/li>\n<li>2007 Torino (Valerio Guido Cavallo)<\/li>\n<li>2008 Arezzo (Valerio Guido Cavallo)<\/li>\n<li>2009 Savona (Valerio Guido Cavallo)<\/li>\n<li>2010 Faenza (RA) (Giancarlo Venturi)<\/li>\n<li>2011 Vicoforte di Mondov\u00ec (CN) (Giancarlo Venturi)<\/li>\n<li>2012 Torino (Giancarlo Venturi) &#8211; 2013 Torino (Giancarlo Venturi)<\/li>\n<li>2014 Torino (Giancarlo Venturi)<\/li>\n<li>2015 Pasturana (AL) (Giancarlo Venturi)<\/li>\n<\/ul>\n<p>Dal 2016, causa scarsa partecipazione e visti i costi organizzativi, le assemblee non sono pi\u00f9 state organizzate. La pubblicazione delle relazioni ed il voto avvengono esclusivamente tramite il sito web AIR ed on line. Il Presidente AIR \u00e8 Giancarlo Venturi.<\/p>\n<div id=\"attachment_203\" style=\"width: 227px\" class=\"wp-caption aligncenter\"><img aria-describedby=\"caption-attachment-203\" decoding=\"async\" loading=\"lazy\" class=\"wp-image-203 size-medium\" src=\"http:\/\/www.air-radio.it\/wp-content\/uploads\/2017\/07\/2-217x300.jpg\" alt=\"\" width=\"217\" height=\"300\" srcset=\"https:\/\/www.air-radio.it\/wp-content\/uploads\/2017\/07\/2-217x300.jpg 217w, https:\/\/www.air-radio.it\/wp-content\/uploads\/2017\/07\/2-740x1024.jpg 740w, https:\/\/www.air-radio.it\/wp-content\/uploads\/2017\/07\/2.jpg 752w\" sizes=\"(max-width: 217px) 100vw, 217px\" \/><p id=\"caption-attachment-203\" class=\"wp-caption-text\">Monterotondo (RM) 1999<\/p><\/div>\n<div id=\"attachment_204\" style=\"width: 239px\" class=\"wp-caption aligncenter\"><img aria-describedby=\"caption-attachment-204\" decoding=\"async\" loading=\"lazy\" class=\"wp-image-204 \" src=\"http:\/\/www.air-radio.it\/wp-content\/uploads\/2017\/07\/3-144x300.jpg\" alt=\"\" width=\"229\" height=\"477\" srcset=\"https:\/\/www.air-radio.it\/wp-content\/uploads\/2017\/07\/3-144x300.jpg 144w, https:\/\/www.air-radio.it\/wp-content\/uploads\/2017\/07\/3.jpg 296w\" sizes=\"(max-width: 229px) 100vw, 229px\" \/><p id=\"caption-attachment-204\" class=\"wp-caption-text\">Villa Bartolomea 2001<\/p><\/div>\n<p>&nbsp;<\/p>\n<div id=\"attachment_205\" style=\"width: 423px\" class=\"wp-caption aligncenter\"><img aria-describedby=\"caption-attachment-205\" decoding=\"async\" loading=\"lazy\" class=\"wp-image-205 \" src=\"http:\/\/www.air-radio.it\/wp-content\/uploads\/2017\/07\/4-300x225.jpg\" alt=\"\" width=\"413\" height=\"310\" \/><p id=\"caption-attachment-205\" class=\"wp-caption-text\">Bologna 2002<\/p><\/div>\n<p>&nbsp;<\/p>\n<div id=\"attachment_206\" style=\"width: 291px\" class=\"wp-caption aligncenter\"><img aria-describedby=\"caption-attachment-206\" decoding=\"async\" loading=\"lazy\" class=\"wp-image-206 \" src=\"http:\/\/www.air-radio.it\/wp-content\/uploads\/2017\/07\/5-199x300.jpg\" alt=\"\" width=\"281\" height=\"424\" srcset=\"https:\/\/www.air-radio.it\/wp-content\/uploads\/2017\/07\/5-199x300.jpg 199w, https:\/\/www.air-radio.it\/wp-content\/uploads\/2017\/07\/5.jpg 500w\" sizes=\"(max-width: 281px) 100vw, 281px\" \/><p id=\"caption-attachment-206\" class=\"wp-caption-text\">Torino 2007<\/p><\/div>\n<p>&nbsp;<\/p>\n<h4>PUBBLICAZIONI AIR<\/h4>\n<p>Di una certa importanza e successo sono state le pubblicazioni a cura dell\u2019AIR ed edite in collaborazione con ditte ed alcuni editori. Ad iniziare dal \u201c<strong>Radio Report<\/strong>\u201d (Edizioni MediceaFirenze) che successivamente divent\u00f2 il noto <strong>radiorama report<\/strong>, l\u2019elenco degli ascolti pubblicati sulla nostra rivista mensile e raccolti in un unico numero con tante altre notizie. Altro libro di un certo successo fu \u201c<strong>Contatto Radio<\/strong>\u201d (Edizioni Medicea-Firenze), i cento e pi\u00f9 consigli su come instaurare un rapporto diretto con stazioni radio di tutto il mondo. Nel 2002 venne pubblicato in occasione del 20\u00b0 anniversario della fondazione dell\u2019AIR il libro \u201c<strong>Il radioascolto <\/strong>\u2013 un aspetto della comunicazione internazionale\u201d di Enrico Bellodi (Edizioni Medicea-Firenze). Un viaggio nel mondo radioascolto grazie alla tesi di laurea di Bellodi e che l\u2019AIR ha prontamente pubblicato.<\/p>\n<p>Ultimo libro quello dedicato alla radio ed alle tante localit\u00e0 turistiche visitate durante I nostri meeting e dal titolo \u201c<strong>l\u2019Italia con radio<\/strong>\u201d di A. Groppazzi e L. Cobisi (Edizioni Medicea-Firenze). Un percorso turistico in tutta Italia per soddisfare la voglia di sapere grazie anche alla radio.<img decoding=\"async\" loading=\"lazy\" class=\"size-medium wp-image-207 aligncenter\" src=\"http:\/\/www.air-radio.it\/wp-content\/uploads\/2017\/07\/6-210x300.jpg\" alt=\"\" width=\"210\" height=\"300\" srcset=\"https:\/\/www.air-radio.it\/wp-content\/uploads\/2017\/07\/6-210x300.jpg 210w, https:\/\/www.air-radio.it\/wp-content\/uploads\/2017\/07\/6.jpg 664w\" sizes=\"(max-width: 210px) 100vw, 210px\" \/><\/p>\n<p><img decoding=\"async\" loading=\"lazy\" class=\"size-medium wp-image-208 aligncenter\" src=\"http:\/\/www.air-radio.it\/wp-content\/uploads\/2017\/07\/7-210x300.jpg\" alt=\"\" width=\"210\" height=\"300\" srcset=\"https:\/\/www.air-radio.it\/wp-content\/uploads\/2017\/07\/7-210x300.jpg 210w, https:\/\/www.air-radio.it\/wp-content\/uploads\/2017\/07\/7.jpg 664w\" sizes=\"(max-width: 210px) 100vw, 210px\" \/><\/p>\n<p><img decoding=\"async\" loading=\"lazy\" class=\"size-medium wp-image-209 aligncenter\" src=\"http:\/\/www.air-radio.it\/wp-content\/uploads\/2017\/07\/8-210x300.jpg\" alt=\"\" width=\"210\" height=\"300\" srcset=\"https:\/\/www.air-radio.it\/wp-content\/uploads\/2017\/07\/8-210x300.jpg 210w, https:\/\/www.air-radio.it\/wp-content\/uploads\/2017\/07\/8.jpg 650w\" sizes=\"(max-width: 210px) 100vw, 210px\" \/><\/p>\n<p><img decoding=\"async\" loading=\"lazy\" class=\"size-full wp-image-210 aligncenter\" src=\"http:\/\/www.air-radio.it\/wp-content\/uploads\/2017\/07\/9.jpg\" alt=\"\" width=\"173\" height=\"243\" \/><\/p>\n<h4><\/h4>\n<h4>LE GUIDE AL RADIOASCOLTO AIR<\/h4>\n<p>Tante le guide dedicate al radioascolto con tantissime informazioni e pubblicate nel corso del tempo. La pi\u00f9 nota e diffusa fu \u201c<strong>Sintonizza il mondo con la radio<\/strong>\u201d nelle varie edizioni ed aggiornamenti. Quella del 1998 venne dedicata ad Alberto Gandolfo. Altre guide vennero pubblicate, grazie anche alla collaborazione e disponibilit\u00e0 di ditte (vedi Edizioni C&amp;C, Sandit, Antique Radio, ecc.)<strong>\u00a0<\/strong><\/p>\n<p><img decoding=\"async\" loading=\"lazy\" class=\"wp-image-199 aligncenter\" src=\"http:\/\/www.air-radio.it\/wp-content\/uploads\/2017\/07\/10-225x300.png\" alt=\"\" width=\"431\" height=\"575\" srcset=\"https:\/\/www.air-radio.it\/wp-content\/uploads\/2017\/07\/10-225x300.png 225w, https:\/\/www.air-radio.it\/wp-content\/uploads\/2017\/07\/10.png 488w\" sizes=\"(max-width: 431px) 100vw, 431px\" \/><\/p>\n<h4>INSERTI REDAZIONALI RADIORAMA \/ AIR<\/h4>\n<p>Tantissimi invece gli inserti a cura delle redazioni di radiorama oppure di singoli collaboratori, e dedicati a ricevitori, antenne, tecniche di ascolto e tanto altro ancora. Ecco due esempi :<\/p>\n<p><img decoding=\"async\" loading=\"lazy\" class=\"wp-image-211 aligncenter\" src=\"http:\/\/www.air-radio.it\/wp-content\/uploads\/2017\/07\/11-300x189.png\" alt=\"\" width=\"443\" height=\"279\" srcset=\"https:\/\/www.air-radio.it\/wp-content\/uploads\/2017\/07\/11-300x189.png 300w, https:\/\/www.air-radio.it\/wp-content\/uploads\/2017\/07\/11.png 634w\" sizes=\"(max-width: 443px) 100vw, 443px\" \/><\/p>\n<h4>\u00a0LA RIVISTA RADIORAMA<\/h4>\n<p>Ecco la nostra rivista che da semplice bollettino \u00e8 diventata un importante punto di riferimento per i tanti appassionati e che attualmente \u00e8 disponibile gratuitamente ogni mese <em>on line<\/em> sul nostro sito AIR <u>www.air-radio.it<\/u><\/p>\n<p>Primo numero in assoluto \u00e8 stato pubblicato nel maggio 1984, si chiamava <strong>Tuttonotizie DX<\/strong> ed era redatto a Trieste. Successivamente, esattamente due anni dopo nel maggio del 1986, venne pubblicato il primo numero di <strong>radiorama<\/strong>. Un primo passo da semplice bollettino a rivista tecnica completa, anche a colori! Nel 2010 la linea editoriale e le strategia dell\u2019 Associazione si rinnova per mettersi al passo con i tempi .<\/p>\n<p><img decoding=\"async\" loading=\"lazy\" class=\" wp-image-201 aligncenter\" src=\"http:\/\/www.air-radio.it\/wp-content\/uploads\/2017\/07\/12-300x191.png\" alt=\"\" width=\"405\" height=\"258\" srcset=\"https:\/\/www.air-radio.it\/wp-content\/uploads\/2017\/07\/12-300x191.png 300w, https:\/\/www.air-radio.it\/wp-content\/uploads\/2017\/07\/12-768x489.png 768w, https:\/\/www.air-radio.it\/wp-content\/uploads\/2017\/07\/12.png 952w\" sizes=\"(max-width: 405px) 100vw, 405px\" \/><\/p>\n<p><img decoding=\"async\" loading=\"lazy\" class=\"wp-image-200 aligncenter\" src=\"http:\/\/www.air-radio.it\/wp-content\/uploads\/2017\/07\/13-300x189.png\" alt=\"\" width=\"397\" height=\"250\" srcset=\"https:\/\/www.air-radio.it\/wp-content\/uploads\/2017\/07\/13-300x189.png 300w, https:\/\/www.air-radio.it\/wp-content\/uploads\/2017\/07\/13-768x485.png 768w, https:\/\/www.air-radio.it\/wp-content\/uploads\/2017\/07\/13.png 961w\" sizes=\"(max-width: 397px) 100vw, 397px\" \/><\/p>\n<p>Nel 2011 la linea editoriale e le strategia dell\u2019 Associazione si rinnova per mettersi al passo con i tempi. radiorama, prodotta su carta e distribuita via posta, che gravava enormemente sui bilanci dell\u2019 Associazione portandoli vicino al rosso, e con delle quote di iscrizione dei Soci molto onerose, viene sostituita dalla versione in rete, risanando la gestione e portando via via la quota di iscrizione dei Soci a circa un quarto del precedente.<\/p>\n<p>Il numero delle pagine aumenta assieme alla qualit\u00e0 grafica, numero di autori e qualit\u00e0 degli articoli.<\/p>\n<p>Da quel momento vengono prodotti, con questo, 68 numeri in formato pdf, per un totale di circa 7000 pagine di contenuti. Attualmente radiorama viene letta da un minimo di 3500 persone.<\/p>\n<h4>Il BLOG AIR- RADIORAMA<\/h4>\n<p>In parallelo viene avviato un <strong>blog<\/strong> dove pubblicano in tempo reale molti autori.<\/p>\n<p>Finora quasi 4000 pubblicazioni e tre milioni e mezzo di visualizzazioni da 200 nazioni del mondo : <u>http:\/\/air-radiorama.blogspot.it\/<\/u><\/p>\n","protected":false},"excerpt":{"rendered":"<p>a cura di Bruno PECOLATTO Siamo arrivati al 35\u00b0 anniversario dalla fondazione dell\u2019A.I.R. \u2013 Associazione Italiana Radioascolto, un traguardo davvero importante per una cos\u00ec piccola associazione fondata nel lontano 1982 a Firenze da un&#46;&#46;&#46;<\/p>\n","protected":false},"author":1,"featured_media":200,"comment_status":"closed","ping_status":"open","sticky":false,"template":"","format":"standard","meta":[],"categories":[5,3,4],"tags":[],"views":3612,"_links":{"self":[{"href":"https:\/\/www.air-radio.it\/index.php\/wp-json\/wp\/v2\/posts\/198"}],"collection":[{"href":"https:\/\/www.air-radio.it\/index.php\/wp-json\/wp\/v2\/posts"}],"about":[{"href":"https:\/\/www.air-radio.it\/index.php\/wp-json\/wp\/v2\/types\/post"}],"author":[{"embeddable":true,"href":"https:\/\/www.air-radio.it\/index.php\/wp-json\/wp\/v2\/users\/1"}],"replies":[{"embeddable":true,"href":"https:\/\/www.air-radio.it\/index.php\/wp-json\/wp\/v2\/comments?post=198"}],"version-history":[{"count":3,"href":"https:\/\/www.air-radio.it\/index.php\/wp-json\/wp\/v2\/posts\/198\/revisions"}],"predecessor-version":[{"id":251,"href":"https:\/\/www.air-radio.it\/index.php\/wp-json\/wp\/v2\/posts\/198\/revisions\/251"}],"wp:featuredmedia":[{"embeddable":true,"href":"https:\/\/www.air-radio.it\/index.php\/wp-json\/wp\/v2\/media\/200"}],"wp:attachment":[{"href":"https:\/\/www.air-radio.it\/index.php\/wp-json\/wp\/v2\/media?parent=198"}],"wp:term":[{"taxonomy":"category","embeddable":true,"href":"https:\/\/www.air-radio.it\/index.php\/wp-json\/wp\/v2\/categories?post=198"},{"taxonomy":"post_tag","embeddable":true,"href":"https:\/\/www.air-radio.it\/index.php\/wp-json\/wp\/v2\/tags?post=198"}],"curies":[{"name":"wp","href":"https:\/\/api.w.org\/{rel}","templated":true}]}}